{"id":1408,"date":"2012-11-22T21:13:24","date_gmt":"2012-11-22T20:13:24","guid":{"rendered":"http:\/\/philippelanglois.net\/lcd\/?p=1408"},"modified":"2022-11-01T13:12:52","modified_gmt":"2022-11-01T12:12:52","slug":"fautrier-lenrage-de-philippe-baraduc-1964","status":"publish","type":"post","link":"http:\/\/philippelanglois.net\/lcd\/?p=1408","title":{"rendered":"FAUTRIER L&rsquo;ENRAGE de Philippe Baraduc (1964)"},"content":{"rendered":"\n<p>Le texte et l&rsquo;extrait vid\u00e9o ci-apr\u00e8s documentent l&rsquo;ouvrage de Philippe Langlois, <a href=\"http:\/\/philippelanglois.net\/lcd\/?p=1004\"><em>Les cloches d&rsquo;Atlantis, Musique \u00e9lectroacoustique et cin\u00e9ma, Arch\u00e9ologie et histoire d&rsquo;un art sonore,<\/em> <\/a>\u00e9ditions mf, Paris, 2012.<\/p>\n\n\n\n<figure class=\"wp-block-image\"><img src=\"http:\/\/philippelanglois.net\/lcd\/wp-content\/uploads\/Fautrier.jpg\" alt=\"\"\/><\/figure>\n\n\n\n<p>S&rsquo;appuyant sur un texte de Jean Paulhan, intitul\u00e9 <em>Fautrier l&rsquo;enrag\u00e9<\/em>, Philippe Baraduc propose avec cet essai t\u00e9l\u00e9visuel un aper\u00e7u de l&rsquo;\u0153uvre et de la personnalit\u00e9 de Jean Fautrier, peintre de l'\u00a0\u00bbArt informel\u00a0\u00bb. Juxtaposant des toiles et des images d&rsquo;\u00e9l\u00e9ments naturels ainsi qu&rsquo;un entretien conduit par Jean Paulhan, Baraduc montre comment la peinture de Fautrier, plut\u00f4t qu&rsquo;une repr\u00e9sentation du concret est une tentative, \u00e0 limite de l&rsquo;abstraction, d&rsquo;en sugg\u00e9rer la profondeur. L&rsquo;art informel et abstrait y est paradoxalement rapproch\u00e9 de l&rsquo;art figuratif dans le sens o\u00f9, vu \u00e0 travers un microscope, la r\u00e9alit\u00e9 peut s&rsquo;y confondre avec l&rsquo;abstrait, o\u00f9 l&rsquo;art informel serait un pi\u00e8ge \u00e0 prendre la r\u00e9alit\u00e9.<\/p>\n\n\n\n<p>Soucieux d&rsquo;illustrer les propos esth\u00e9tiques tenus dans ce film o\u00f9 la r\u00e9flexion porte avant tout sur les sp\u00e9cificit\u00e9s de l&rsquo;\u0153uvre de Jean Fautrier et sur le caract\u00e8re abstrait de la r\u00e9alit\u00e9 \u00e0 l&rsquo;\u0153uvre dans ses tableaux, Fran\u00e7ois Bayle choisit de n&#8217;emprunter que des sonorit\u00e9s instrumentales.<br>Les sons concrets sont donc d\u00e9laiss\u00e9s \u00e0 l&rsquo;occasion de cette musique de film pour laisser la place aux instruments traditionnels. Pour autant, on peut davantage parler de mati\u00e8re instrumentale presque abstraite tant les articulations, les superpositions les modes de jeu rappellent l&#8217;empirisme de la composition concr\u00e8te.<br>Avec cette tentative de transposition des techniques de composition concr\u00e8tes vers la musique instrumentale, Fran\u00e7ois Bayle s&rsquo;inscrit dans la tendance qui anime les compositeurs du Groupe de Recherches Musicales comme Philippe Carson, Ivo Malec \u00e0 la m\u00eame \u00e9poque.<\/p>\n\n\n\n<iframe loading=\"lazy\" frameborder=\"0\" marginheight=\"0\" marginwidth=\"0\"  scrolling=\"no\" src=\"https:\/\/fresques.ina.fr\/artsonores\/export\/player\/InaGrm00828\/wide?isAmalia=1\" width=\"620\" height=\"465\" allowfullscreen><\/iframe>\n\n\n\n<p>Cette notice d&rsquo;information a \u00e9t\u00e9 coproduite avec l&rsquo;INA\/GRM pour la cr\u00e9ation de la fresque multim\u00e9dia \u2013 <a href=\"http:\/\/www.ina.fr\/fresques\/artsonores\/accueil\">Artsonores \u2013 L&rsquo;aventure \u00e9lectroacoustique<\/a>, dans la cat\u00e9gorie Films issus du Service de la Recherche de l&rsquo;ORTF de 1950 \u00e0 1975.<\/p>\n","protected":false},"excerpt":{"rendered":"<p>Portrait du peintre Jean Fautrier sur une musique de Fran\u00e7ois Bayle<\/p>\n","protected":false},"author":2,"featured_media":0,"comment_status":"closed","ping_status":"closed","sticky":false,"template":"","format":"standard","meta":[],"categories":[41,3,53,57,7,6],"tags":[146,27,112,16,24],"_links":{"self":[{"href":"http:\/\/philippelanglois.net\/lcd\/index.php?rest_route=\/wp\/v2\/posts\/1408"}],"collection":[{"href":"http:\/\/philippelanglois.net\/lcd\/index.php?rest_route=\/wp\/v2\/posts"}],"about":[{"href":"http:\/\/philippelanglois.net\/lcd\/index.php?rest_route=\/wp\/v2\/types\/post"}],"author":[{"embeddable":true,"href":"http:\/\/philippelanglois.net\/lcd\/index.php?rest_route=\/wp\/v2\/users\/2"}],"replies":[{"embeddable":true,"href":"http:\/\/philippelanglois.net\/lcd\/index.php?rest_route=%2Fwp%2Fv2%2Fcomments&post=1408"}],"version-history":[{"count":7,"href":"http:\/\/philippelanglois.net\/lcd\/index.php?rest_route=\/wp\/v2\/posts\/1408\/revisions"}],"predecessor-version":[{"id":2422,"href":"http:\/\/philippelanglois.net\/lcd\/index.php?rest_route=\/wp\/v2\/posts\/1408\/revisions\/2422"}],"wp:attachment":[{"href":"http:\/\/philippelanglois.net\/lcd\/index.php?rest_route=%2Fwp%2Fv2%2Fmedia&parent=1408"}],"wp:term":[{"taxonomy":"category","embeddable":true,"href":"http:\/\/philippelanglois.net\/lcd\/index.php?rest_route=%2Fwp%2Fv2%2Fcategories&post=1408"},{"taxonomy":"post_tag","embeddable":true,"href":"http:\/\/philippelanglois.net\/lcd\/index.php?rest_route=%2Fwp%2Fv2%2Ftags&post=1408"}],"curies":[{"name":"wp","href":"https:\/\/api.w.org\/{rel}","templated":true}]}}